{"id":1412,"date":"2020-03-02T10:00:44","date_gmt":"2020-03-02T09:00:44","guid":{"rendered":"http:\/\/blog.turistica.si\/inotez\/?p=1412"},"modified":"2020-03-02T10:38:12","modified_gmt":"2020-03-02T09:38:12","slug":"teden-odprtega-ucenja-2020","status":"publish","type":"post","link":"https:\/\/blog.turistica.si\/inotez\/teden-odprtega-ucenja-2020\/","title":{"rendered":"Teden odprtega u\u010denja 2020"},"content":{"rendered":"<p>Med 2. in 3. marcem se odvija globalni <a href=\"https:\/\/www.openeducationweek.org\/events\" target=\"_blank\" rel=\"noopener noreferrer\">Teden odprtega u\u010denja<\/a>, ki ga \u0161tevilni visoko\u0161olski zavodi in univerze obogatijo z organizacijo razli\u010dnih dogodkov. V projektu InoTeZ se tej pobudi pridru\u017eujemo \u017ee tretje leto zapored. Prvi dve leti smo v tednu odprtega u\u010denja izvedli konferenci <a href=\"https:\/\/blog.turistica.si\/inotez\/o-projektu\/projektne-aktivnosti\/lastovke-up-2018\/\" target=\"_blank\" rel=\"noopener noreferrer\">Lastovke UP 2018<\/a> in <a href=\"https:\/\/blog.turistica.si\/inotez\/o-projektu\/projektne-aktivnosti\/lastovke-up-2019\/\" target=\"_blank\" rel=\"noopener noreferrer\">Lastovke UP 2019<\/a>, letos pa smo se odlo\u010dili, da se tednu odprtega u\u010denja pridru\u017eimo z organizacijo delavnic za u\u010ditelje. Pripravili smo \u0161tiri delavnice. Ena se \u017ee danes izvede v \u017eivo, medtem ko se bodo preostale tri izvedle na daljavo, prek <a href=\"https:\/\/vox.arnes.si\/\" target=\"_blank\" rel=\"noopener noreferrer\">Arnesovega video-konferen\u010dnega sistema<\/a>.<\/p>\n<p>Vabljeni k ogledu <a href=\"https:\/\/odprtaup.upr.si\/course\/view.php?id=53\" target=\"_blank\" rel=\"noopener noreferrer\">programa delavnic<\/a> s podporo na portalu <a href=\"https:\/\/odprtaup.upr.si\/\" target=\"_blank\" rel=\"noopener noreferrer\">Odprta UP<\/a>.<\/p>\n","protected":false},"excerpt":{"rendered":"<p>Med 2. in 3. marcem se odvija globalni <a href=\"https:\/\/www.openeducationweek.org\/events\" target=\"_blank\" rel=\"noopener noreferrer\">Teden odprtega u\u010denja<\/a>, ki ga \u0161tevilni visoko\u0161olski zavodi in univerze obogatijo z organizacijo razli\u010dnih dogodkov.<\/p>\n","protected":false},"author":7,"featured_media":1418,"comment_status":"closed","ping_status":"closed","sticky":false,"template":"","format":"standard","meta":{"ngg_post_thumbnail":0,"jetpack_post_was_ever_published":false,"_jetpack_newsletter_access":"","_jetpack_dont_email_post_to_subs":false,"_jetpack_newsletter_tier_id":0,"_jetpack_memberships_contains_paywalled_content":false,"_jetpack_memberships_contains_paid_content":false,"footnotes":"","jetpack_publicize_message":"","jetpack_publicize_feature_enabled":true,"jetpack_social_post_already_shared":true,"jetpack_social_options":{"image_generator_settings":{"template":"highway","enabled":false},"version":2}},"categories":[3,6,17,11,15,4,7,14],"tags":[],"class_list":["entry","author-vika","has-excerpt","post-1412","post","type-post","status-publish","format-standard","has-post-thumbnail","category-delavnice","category-e-didaktika","category-e-ucilnice-moodle","category-kombinirano-ucenje","category-novosti","category-odprto-izobrazevanje","category-snovanje-ucnih-gradiv","category-ucenje-na-daljavo"],"jetpack_publicize_connections":[],"jetpack_featured_media_url":"https:\/\/i0.wp.com\/blog.turistica.si\/inotez\/wp-content\/uploads\/sites\/4\/2020\/03\/Badge2020B-si.png?fit=545%2C544&ssl=1","jetpack_sharing_enabled":true,"jetpack_shortlink":"https:\/\/wp.me\/p9LuxH-mM","jetpack_likes_enabled":true,"jetpack-related-posts":[],"_links":{"self":[{"href":"https:\/\/blog.turistica.si\/inotez\/wp-json\/wp\/v2\/posts\/1412","targetHints":{"allow":["GET"]}}],"collection":[{"href":"https:\/\/blog.turistica.si\/inotez\/wp-json\/wp\/v2\/posts"}],"about":[{"href":"https:\/\/blog.turistica.si\/inotez\/wp-json\/wp\/v2\/types\/post"}],"author":[{"embeddable":true,"href":"https:\/\/blog.turistica.si\/inotez\/wp-json\/wp\/v2\/users\/7"}],"replies":[{"embeddable":true,"href":"https:\/\/blog.turistica.si\/inotez\/wp-json\/wp\/v2\/comments?post=1412"}],"version-history":[{"count":3,"href":"https:\/\/blog.turistica.si\/inotez\/wp-json\/wp\/v2\/posts\/1412\/revisions"}],"predecessor-version":[{"id":1419,"href":"https:\/\/blog.turistica.si\/inotez\/wp-json\/wp\/v2\/posts\/1412\/revisions\/1419"}],"wp:featuredmedia":[{"embeddable":true,"href":"https:\/\/blog.turistica.si\/inotez\/wp-json\/wp\/v2\/media\/1418"}],"wp:attachment":[{"href":"https:\/\/blog.turistica.si\/inotez\/wp-json\/wp\/v2\/media?parent=1412"}],"wp:term":[{"taxonomy":"category","embeddable":true,"href":"https:\/\/blog.turistica.si\/inotez\/wp-json\/wp\/v2\/categories?post=1412"},{"taxonomy":"post_tag","embeddable":true,"href":"https:\/\/blog.turistica.si\/inotez\/wp-json\/wp\/v2\/tags?post=1412"}],"curies":[{"name":"wp","href":"https:\/\/api.w.org\/{rel}","templated":true}]}}