{"id":1538,"date":"2020-05-04T09:24:25","date_gmt":"2020-05-04T07:24:25","guid":{"rendered":"http:\/\/blog.turistica.si\/inotez\/?p=1538"},"modified":"2020-05-04T09:29:33","modified_gmt":"2020-05-04T07:29:33","slug":"lastovke-up-2020-bodo-letele-online","status":"publish","type":"post","link":"https:\/\/blog.turistica.si\/inotez\/lastovke-up-2020-bodo-letele-online\/","title":{"rendered":"Lastovke UP 2020 bodo letele \u00bbonline\u00ab"},"content":{"rendered":"<p>Leto\u0161nja, \u017ee 3. po vrsti, konferenca Lastovke UP, bo, tako kot pedago\u0161ki proces zadnjih 2 mesecev, potekala prek spleta. Glede na situacijo covid-19 bo \u00bb<strong>Pandemija u\u010denja na daljavo<\/strong>\u00ab, kot smo poimenovali leto\u0161nje Lastovke UP, prilo\u017enost, da izmenjamo izku\u0161nje s prehodom pedago\u0161kega dela na daljavo. Na konferenci lahko sodelujete s predstavitvijo prispevka, ali pa le kot poslu\u0161alci in udele\u017eenci diskusij. Po vsaki predstavitvi bo namre\u010d \u0161e \u010das za vpra\u0161anja in diskusijo. Da o dru\u017eenju na varni razdalji, v \u010dasu spletne kave, niti ne govorimo.<\/p>\n<p><strong>Pomembni datumi<\/strong>:<\/p>\n<div class=\"page\" title=\"Page 1\">\n<div class=\"layoutArea\">\n<div class=\"column\">\n<ul>\n<li><a href=\"https:\/\/forms.gle\/did3qHqbDqY5WN3D6\" target=\"_blank\" rel=\"noopener noreferrer\">Prijava aktivne udelez\u030cbe<\/a>: <strong>25. 5. 2020<\/strong><\/li>\n<li>Objava programa konference: <strong>1. 6. 2020<\/strong><\/li>\n<li><a href=\"https:\/\/forms.gle\/did3qHqbDqY5WN3D6\" target=\"_blank\" rel=\"noopener noreferrer\">Prijava udelez\u030cbe brez prispevka<\/a>: <strong>4. 6. 2020<\/strong><\/li>\n<li>Izvedba konference: <strong>5. 6. 2020<\/strong> (povezava do ZOOMa bo prijavljenim poslana prek e-po\u0161te).<\/li>\n<\/ul>\n<\/div>\n<\/div>\n<\/div>\n<p style=\"text-align: right\">Vabljeni!<\/p>\n<p style=\"text-align: right\">Organizacijski odbor<\/p>\n<p><a href=\"mailto:lastovkeup@upr.si?subject=Lastovke UP 2020\">Dodatne informacije<\/a><\/p>\n<p><a href=\"https:\/\/blog.turistica.si\/inotez\/lastovke-up-2020-bodo-letele-online\/screenshot-2020-05-04-at-09-26-13\/\" rel=\"attachment wp-att-1544\"><img data-recalc-dims=\"1\" fetchpriority=\"high\" decoding=\"async\" data-attachment-id=\"1544\" data-permalink=\"https:\/\/blog.turistica.si\/inotez\/lastovke-up-2020-bodo-letele-online\/screenshot-2020-05-04-at-09-26-13\/\" data-orig-file=\"https:\/\/i0.wp.com\/blog.turistica.si\/inotez\/wp-content\/uploads\/sites\/4\/2020\/05\/Screenshot-2020-05-04-at-09.26.13.png?fit=1354%2C1894&amp;ssl=1\" data-orig-size=\"1354,1894\" data-comments-opened=\"0\" data-image-meta=\"{&quot;aperture&quot;:&quot;0&quot;,&quot;credit&quot;:&quot;&quot;,&quot;camera&quot;:&quot;&quot;,&quot;caption&quot;:&quot;&quot;,&quot;created_timestamp&quot;:&quot;0&quot;,&quot;copyright&quot;:&quot;&quot;,&quot;focal_length&quot;:&quot;0&quot;,&quot;iso&quot;:&quot;0&quot;,&quot;shutter_speed&quot;:&quot;0&quot;,&quot;title&quot;:&quot;&quot;,&quot;orientation&quot;:&quot;0&quot;}\" data-image-title=\"Screenshot 2020-05-04 at 09.26.13\" data-image-description=\"\" data-image-caption=\"\" data-medium-file=\"https:\/\/i0.wp.com\/blog.turistica.si\/inotez\/wp-content\/uploads\/sites\/4\/2020\/05\/Screenshot-2020-05-04-at-09.26.13.png?fit=214%2C300&amp;ssl=1\" data-large-file=\"https:\/\/i0.wp.com\/blog.turistica.si\/inotez\/wp-content\/uploads\/sites\/4\/2020\/05\/Screenshot-2020-05-04-at-09.26.13.png?fit=732%2C1024&amp;ssl=1\" class=\"aligncenter size-full wp-image-1544\" src=\"https:\/\/i0.wp.com\/blog.turistica.si\/inotez\/wp-content\/uploads\/sites\/4\/2020\/05\/Screenshot-2020-05-04-at-09.26.13.png?resize=1080%2C1511&#038;ssl=1\" alt=\"\" width=\"1080\" height=\"1511\" srcset=\"https:\/\/i0.wp.com\/blog.turistica.si\/inotez\/wp-content\/uploads\/sites\/4\/2020\/05\/Screenshot-2020-05-04-at-09.26.13.png?w=1354&amp;ssl=1 1354w, https:\/\/i0.wp.com\/blog.turistica.si\/inotez\/wp-content\/uploads\/sites\/4\/2020\/05\/Screenshot-2020-05-04-at-09.26.13.png?resize=214%2C300&amp;ssl=1 214w, https:\/\/i0.wp.com\/blog.turistica.si\/inotez\/wp-content\/uploads\/sites\/4\/2020\/05\/Screenshot-2020-05-04-at-09.26.13.png?resize=768%2C1074&amp;ssl=1 768w, https:\/\/i0.wp.com\/blog.turistica.si\/inotez\/wp-content\/uploads\/sites\/4\/2020\/05\/Screenshot-2020-05-04-at-09.26.13.png?resize=732%2C1024&amp;ssl=1 732w, https:\/\/i0.wp.com\/blog.turistica.si\/inotez\/wp-content\/uploads\/sites\/4\/2020\/05\/Screenshot-2020-05-04-at-09.26.13.png?resize=393%2C550&amp;ssl=1 393w\" sizes=\"(max-width: 1080px) 100vw, 1080px\" \/><\/a><\/p>\n","protected":false},"excerpt":{"rendered":"<p>Leto\u0161nja, \u017ee 3. po vrsti, konferenca Lastovke UP, bo, tako kot pedago\u0161ki proces zadnjih 2 mesecev, potekala prek spleta. Glede na situacijo covid-19 bo \u00bbPandemija u\u010denja na daljavo\u00ab, kot smo poimenovali leto\u0161nje Lastovke UP, prilo\u017enost, da izmenjamo izku\u0161nje s prehodom pedago\u0161kega dela na daljavo. Na konferenci lahko sodelujete s predstavitvijo prispevka, ali pa le kot poslu\u0161alci in udele\u017eenci diskusij. Po vsaki predstavitvi bo namre\u010d \u0161e \u010das za vpra\u0161anja in diskusijo. Da o dru\u017eenju na varni razdalji, v \u010dasu spletne kave, niti ne govorimo. Pomembni datumi: Prijava aktivne udelez\u030cbe: 25. 5. 2020 Objava programa konference: 1. 6. 2020 Prijava udelez\u030cbe brez prispevka: 4. 6. 2020 Izvedba<span class=\"more-link\"><a href=\"https:\/\/blog.turistica.si\/inotez\/lastovke-up-2020-bodo-letele-online\/\">Ve\u010d &#8230; <\/a><\/span><\/p>\n","protected":false},"author":7,"featured_media":1542,"comment_status":"closed","ping_status":"closed","sticky":false,"template":"","format":"standard","meta":{"ngg_post_thumbnail":0,"jetpack_post_was_ever_published":false,"_jetpack_newsletter_access":"","_jetpack_dont_email_post_to_subs":false,"_jetpack_newsletter_tier_id":0,"_jetpack_memberships_contains_paywalled_content":false,"_jetpack_memberships_contains_paid_content":false,"footnotes":"","jetpack_publicize_message":"","jetpack_publicize_feature_enabled":true,"jetpack_social_post_already_shared":true,"jetpack_social_options":{"image_generator_settings":{"template":"highway","enabled":false},"version":2}},"categories":[5,15,4,2,14],"tags":[],"class_list":["entry","author-vika","post-1538","post","type-post","status-publish","format-standard","has-post-thumbnail","category-konferenca","category-novosti","category-odprto-izobrazevanje","category-projekt","category-ucenje-na-daljavo"],"jetpack_publicize_connections":[],"jetpack_featured_media_url":"https:\/\/i0.wp.com\/blog.turistica.si\/inotez\/wp-content\/uploads\/sites\/4\/2020\/05\/lastovka.jpg?fit=512%2C462&ssl=1","jetpack_sharing_enabled":true,"jetpack_shortlink":"https:\/\/wp.me\/p9LuxH-oO","jetpack_likes_enabled":true,"jetpack-related-posts":[],"_links":{"self":[{"href":"https:\/\/blog.turistica.si\/inotez\/wp-json\/wp\/v2\/posts\/1538","targetHints":{"allow":["GET"]}}],"collection":[{"href":"https:\/\/blog.turistica.si\/inotez\/wp-json\/wp\/v2\/posts"}],"about":[{"href":"https:\/\/blog.turistica.si\/inotez\/wp-json\/wp\/v2\/types\/post"}],"author":[{"embeddable":true,"href":"https:\/\/blog.turistica.si\/inotez\/wp-json\/wp\/v2\/users\/7"}],"replies":[{"embeddable":true,"href":"https:\/\/blog.turistica.si\/inotez\/wp-json\/wp\/v2\/comments?post=1538"}],"version-history":[{"count":6,"href":"https:\/\/blog.turistica.si\/inotez\/wp-json\/wp\/v2\/posts\/1538\/revisions"}],"predecessor-version":[{"id":1547,"href":"https:\/\/blog.turistica.si\/inotez\/wp-json\/wp\/v2\/posts\/1538\/revisions\/1547"}],"wp:featuredmedia":[{"embeddable":true,"href":"https:\/\/blog.turistica.si\/inotez\/wp-json\/wp\/v2\/media\/1542"}],"wp:attachment":[{"href":"https:\/\/blog.turistica.si\/inotez\/wp-json\/wp\/v2\/media?parent=1538"}],"wp:term":[{"taxonomy":"category","embeddable":true,"href":"https:\/\/blog.turistica.si\/inotez\/wp-json\/wp\/v2\/categories?post=1538"},{"taxonomy":"post_tag","embeddable":true,"href":"https:\/\/blog.turistica.si\/inotez\/wp-json\/wp\/v2\/tags?post=1538"}],"curies":[{"name":"wp","href":"https:\/\/api.w.org\/{rel}","templated":true}]}}