{"id":1698,"date":"2021-02-08T13:07:51","date_gmt":"2021-02-08T12:07:51","guid":{"rendered":"http:\/\/blog.turistica.si\/inotez\/?p=1698"},"modified":"2021-02-08T13:07:51","modified_gmt":"2021-02-08T12:07:51","slug":"vabljeni-v-skupnost-odprta-up","status":"publish","type":"post","link":"https:\/\/blog.turistica.si\/inotez\/vabljeni-v-skupnost-odprta-up\/","title":{"rendered":"Vabljeni v skupnost Odprta UP"},"content":{"rendered":"<div class=\"gmail_default\">Vabimo vas, da se pridru\u017eite neformalni skupnosti zainteresiranih u\u010diteljev in sodelavcev UP, ki \u017eelimo skrbeti za to, da se bo znanje o rabi digitalnih u\u010dnih tehnologij za uspe\u0161no univerzitetno u\u010denje in pou\u010devanje \u0161irilo in doseglo \u010dim ve\u010d na\u0161ih zaposlenih in \u0161tudentov. Na ta na\u010din \u017eelimo spodbuditi sodelovanje in medsebojno pomo\u010d med u\u010ditelji in sodelavci ter \u0161e naprej razvijati podro\u010dje u\u010denja in pou\u010devanja z digitalnimi tehnologijami. Skupnost ni mi\u0161ljena kot nadomestilo za formalno pedago\u0161ko podporo pri uporabi digitalnih u\u010dnih tehnologij, ki naj bi jo \u0161tudentom, sodelavcem in u\u010diteljem zagotavljala univerza, temve\u010d kot oblika medsebojne pomo\u010di in sodelovanja za zagotavljanje prenosa in \u0161irjenja dobrih praks.<\/p>\n<p>Na\u0161a prva dejavnost, ki jo \u017eelimo pripraviti kot Skupnost Odprta UP, je spletna konferenca Lastovke UP, ki smo jih v sklopu projekta InoTeZ organizirali \u017ee trikrat. Na leto\u0161nji konferenci bi osvetlili zadnje izku\u0161nje s pou\u010devanjem in \u0161tudijem na daljavo. Izvedba bi bila v tednu odprtega izobra\u017eevanja, ki bo letos od 1. do 5. marca.<\/p>\n<p>Nadalje \u017eelimo tudi razvijati nove vsebine za spleti\u0161\u010de Odprta UP in \u0161iriti podporo \u0161tudentom in u\u010diteljem pri u\u010dinkoviti in smiselni uporabi digitalnih u\u010dnih tehnologij.<\/p>\n<p>Rektorica UP, prof. dr. Klavdija Kutnar, sogla\u0161a z na\u0161o pobudo in podpira oblikovanje in delovanje Skupnosti Odprta UP, tako bo ta lahko nastopala v imenu UP.<\/p>\n<p>Prisr\u010dno vabljeni, da se nam pridru\u017eite na ustanovni seji 10.2.2021 ob 13.00 v Zoomu. Povezavo do spletne konferen\u010dne sobe smo poslali z vabilom vsem u\u010diteljem UP.<\/p><\/div>\n<div class=\"gmail_default\">&nbsp;<\/div>\n<div class=\"gmail_default\">Svojo zainteresiranost za \u010dlanstvo v Skupnosti Odprta UP nam lahko sporo\u010dite tudi z <a href=\"mailto:odprtaup@upr.si\" target=\"_blank\" rel=\"noopener noreferrer\">elektronskim sporo\u010dilom.<\/a><\/p>\n<p>Stanko Pelc, \u0160arolta Godni\u010d Vi\u010di\u010d in Sa\u0161a Planinc<\/p><\/div>\n","protected":false},"excerpt":{"rendered":"<p>Vabimo vas, da se pridru\u017eite neformalni skupnosti zainteresiranih u\u010diteljev in sodelavcev UP, Odprta UP. Ustanovni sestanek bo 10.2.2021 ob 13.00 v Zoomu.<\/p>\n","protected":false},"author":3,"featured_media":1699,"comment_status":"closed","ping_status":"closed","sticky":false,"template":"","format":"standard","meta":{"ngg_post_thumbnail":0,"jetpack_post_was_ever_published":false,"_jetpack_newsletter_access":"","_jetpack_dont_email_post_to_subs":false,"_jetpack_newsletter_tier_id":0,"_jetpack_memberships_contains_paywalled_content":false,"_jetpack_memberships_contains_paid_content":false,"footnotes":"","jetpack_publicize_message":"","jetpack_publicize_feature_enabled":true,"jetpack_social_post_already_shared":true,"jetpack_social_options":{"image_generator_settings":{"template":"highway","enabled":false},"version":2}},"categories":[15,4],"tags":[],"class_list":["entry","author-sarolta","has-excerpt","post-1698","post","type-post","status-publish","format-standard","has-post-thumbnail","category-novosti","category-odprto-izobrazevanje"],"jetpack_publicize_connections":[],"jetpack_featured_media_url":"https:\/\/i0.wp.com\/blog.turistica.si\/inotez\/wp-content\/uploads\/sites\/4\/2021\/02\/chris-montgomery-smgTvepind4-unsplash.jpg?fit=5184%2C3888&ssl=1","jetpack_sharing_enabled":true,"jetpack_shortlink":"https:\/\/wp.me\/p9LuxH-ro","jetpack_likes_enabled":true,"jetpack-related-posts":[],"_links":{"self":[{"href":"https:\/\/blog.turistica.si\/inotez\/wp-json\/wp\/v2\/posts\/1698","targetHints":{"allow":["GET"]}}],"collection":[{"href":"https:\/\/blog.turistica.si\/inotez\/wp-json\/wp\/v2\/posts"}],"about":[{"href":"https:\/\/blog.turistica.si\/inotez\/wp-json\/wp\/v2\/types\/post"}],"author":[{"embeddable":true,"href":"https:\/\/blog.turistica.si\/inotez\/wp-json\/wp\/v2\/users\/3"}],"replies":[{"embeddable":true,"href":"https:\/\/blog.turistica.si\/inotez\/wp-json\/wp\/v2\/comments?post=1698"}],"version-history":[{"count":1,"href":"https:\/\/blog.turistica.si\/inotez\/wp-json\/wp\/v2\/posts\/1698\/revisions"}],"predecessor-version":[{"id":1700,"href":"https:\/\/blog.turistica.si\/inotez\/wp-json\/wp\/v2\/posts\/1698\/revisions\/1700"}],"wp:featuredmedia":[{"embeddable":true,"href":"https:\/\/blog.turistica.si\/inotez\/wp-json\/wp\/v2\/media\/1699"}],"wp:attachment":[{"href":"https:\/\/blog.turistica.si\/inotez\/wp-json\/wp\/v2\/media?parent=1698"}],"wp:term":[{"taxonomy":"category","embeddable":true,"href":"https:\/\/blog.turistica.si\/inotez\/wp-json\/wp\/v2\/categories?post=1698"},{"taxonomy":"post_tag","embeddable":true,"href":"https:\/\/blog.turistica.si\/inotez\/wp-json\/wp\/v2\/tags?post=1698"}],"curies":[{"name":"wp","href":"https:\/\/api.w.org\/{rel}","templated":true}]}}