{"id":342,"date":"2018-05-21T18:59:11","date_gmt":"2018-05-21T16:59:11","guid":{"rendered":"http:\/\/blog.turistica.si\/inotez\/?p=342"},"modified":"2018-05-21T19:12:49","modified_gmt":"2018-05-21T17:12:49","slug":"zakljucili-smo-anketiranje-visokosolskih-uciteljev-in-sodelavcev","status":"publish","type":"post","link":"https:\/\/blog.turistica.si\/inotez\/zakljucili-smo-anketiranje-visokosolskih-uciteljev-in-sodelavcev\/","title":{"rendered":"Zaklju\u010dili smo anketiranje visoko\u0161olskih u\u010diteljev in sodelavcev"},"content":{"rendered":"<p>V aprilu smo zaklju\u010dili z anketiranjem visoko\u0161olskih u\u010diteljev in sodelavcev Univerze na Primorskem, ki so v \u0161tudijskem letu 2017\/18 vklju\u010deni v pedago\u0161ki proces.<\/p>\n<p>Odgovori visoko\u0161olskih u\u010diteljev in sodelavcev UP bodo projektno skupino vodili pri oblikovanju razvojnih smernic s sodobnimi tehnologijami podprtega \u0161tudija in oblikovanju enotnih minimalnih standardov, ki bodo na UP zagotavljali u\u010dinkovito in smiselno rabo informacijsko komunikacijskih tehnologij v pedago\u0161kem procesu.<\/p>\n<p>Hvala vsem za sodelovanje!<\/p>\n","protected":false},"excerpt":{"rendered":"<p>V aprilu smo zaklju\u010dili z anketiranjem visoko\u0161olskih u\u010diteljev in sodelavcev Univerze na Primorskem, ki so v \u0161tudijskem letu 2017\/18 vklju\u010deni v pedago\u0161ki proces.<\/p>\n","protected":false},"author":6,"featured_media":345,"comment_status":"closed","ping_status":"closed","sticky":false,"template":"","format":"standard","meta":{"ngg_post_thumbnail":0,"jetpack_post_was_ever_published":false,"_jetpack_newsletter_access":"","_jetpack_dont_email_post_to_subs":false,"_jetpack_newsletter_tier_id":0,"_jetpack_memberships_contains_paywalled_content":false,"_jetpack_memberships_contains_paid_content":false,"footnotes":"","jetpack_publicize_message":"","jetpack_publicize_feature_enabled":true,"jetpack_social_post_already_shared":true,"jetpack_social_options":{"image_generator_settings":{"template":"highway","enabled":false},"version":2}},"categories":[2,13],"tags":[],"class_list":["entry","author-inotez","has-excerpt","post-342","post","type-post","status-publish","format-standard","has-post-thumbnail","category-projekt","category-raziskave"],"jetpack_publicize_connections":[],"jetpack_featured_media_url":"https:\/\/i0.wp.com\/blog.turistica.si\/inotez\/wp-content\/uploads\/sites\/4\/2018\/05\/Hvala-uciteljem6.jpg?fit=2560%2C1280&ssl=1","jetpack_sharing_enabled":true,"jetpack_shortlink":"https:\/\/wp.me\/p9LuxH-5w","jetpack_likes_enabled":true,"jetpack-related-posts":[],"_links":{"self":[{"href":"https:\/\/blog.turistica.si\/inotez\/wp-json\/wp\/v2\/posts\/342","targetHints":{"allow":["GET"]}}],"collection":[{"href":"https:\/\/blog.turistica.si\/inotez\/wp-json\/wp\/v2\/posts"}],"about":[{"href":"https:\/\/blog.turistica.si\/inotez\/wp-json\/wp\/v2\/types\/post"}],"author":[{"embeddable":true,"href":"https:\/\/blog.turistica.si\/inotez\/wp-json\/wp\/v2\/users\/6"}],"replies":[{"embeddable":true,"href":"https:\/\/blog.turistica.si\/inotez\/wp-json\/wp\/v2\/comments?post=342"}],"version-history":[{"count":2,"href":"https:\/\/blog.turistica.si\/inotez\/wp-json\/wp\/v2\/posts\/342\/revisions"}],"predecessor-version":[{"id":346,"href":"https:\/\/blog.turistica.si\/inotez\/wp-json\/wp\/v2\/posts\/342\/revisions\/346"}],"wp:featuredmedia":[{"embeddable":true,"href":"https:\/\/blog.turistica.si\/inotez\/wp-json\/wp\/v2\/media\/345"}],"wp:attachment":[{"href":"https:\/\/blog.turistica.si\/inotez\/wp-json\/wp\/v2\/media?parent=342"}],"wp:term":[{"taxonomy":"category","embeddable":true,"href":"https:\/\/blog.turistica.si\/inotez\/wp-json\/wp\/v2\/categories?post=342"},{"taxonomy":"post_tag","embeddable":true,"href":"https:\/\/blog.turistica.si\/inotez\/wp-json\/wp\/v2\/tags?post=342"}],"curies":[{"name":"wp","href":"https:\/\/api.w.org\/{rel}","templated":true}]}}