{"id":786,"date":"2019-07-28T21:25:57","date_gmt":"2019-07-28T19:25:57","guid":{"rendered":"http:\/\/blog.turistica.si\/inotez\/?p=786"},"modified":"2019-07-28T21:29:58","modified_gmt":"2019-07-28T19:29:58","slug":"inotez-projekt-na-konferenci-ltec-2019","status":"publish","type":"post","link":"https:\/\/blog.turistica.si\/inotez\/inotez-projekt-na-konferenci-ltec-2019\/","title":{"rendered":"InoTeZ projekt v \u0160paniji"},"content":{"rendered":"<p>Med 15. in 18. julijem 2019 je, v \u0161panski Zamori, potekala 8. mednarodna konferenca <a href=\"https:\/\/www.ltec2019.com\/\" target=\"_blank\" rel=\"noopener noreferrer\">LTEC 2019<\/a>. Konferenca LTEC \u2013 Learning Technology for Education Challenges zdru\u017euje strokovnjake s podro\u010dja e-izobra\u017eevanja s celega sveta. Na leto\u0161nji konferenci predstavljeni prispevki so bili razvr\u0161\u010deni v razli\u010dne kategorije:<\/p>\n<ul>\n<li>U\u010dne tehnologije<\/li>\n<li>U\u010dna okolja in orodja<\/li>\n<li>E-izobra\u017eevanje in mno\u017ei\u010dni odprti spletni te\u010daji (MOOCs)<\/li>\n<li>U\u010dne prakse<\/li>\n<li>Socialna omre\u017eja, orodja u\u010denja<\/li>\n<li>Strojno u\u010denje in programi za podporo evalvacij.<\/li>\n<\/ul>\n<p><img data-recalc-dims=\"1\" fetchpriority=\"high\" decoding=\"async\" data-attachment-id=\"789\" data-permalink=\"https:\/\/blog.turistica.si\/inotez\/inotez-projekt-na-konferenci-ltec-2019\/screen-shot-2019-07-28-at-21-14-44\/\" data-orig-file=\"https:\/\/i0.wp.com\/blog.turistica.si\/inotez\/wp-content\/uploads\/sites\/4\/2019\/07\/Screen-Shot-2019-07-28-at-21.14.44.png?fit=2014%2C1512&amp;ssl=1\" data-orig-size=\"2014,1512\" data-comments-opened=\"0\" data-image-meta=\"{&quot;aperture&quot;:&quot;0&quot;,&quot;credit&quot;:&quot;&quot;,&quot;camera&quot;:&quot;&quot;,&quot;caption&quot;:&quot;&quot;,&quot;created_timestamp&quot;:&quot;0&quot;,&quot;copyright&quot;:&quot;&quot;,&quot;focal_length&quot;:&quot;0&quot;,&quot;iso&quot;:&quot;0&quot;,&quot;shutter_speed&quot;:&quot;0&quot;,&quot;title&quot;:&quot;&quot;,&quot;orientation&quot;:&quot;0&quot;}\" data-image-title=\"Screen Shot 2019-07-28 at 21.14.44\" data-image-description=\"\" data-image-caption=\"\" data-medium-file=\"https:\/\/i0.wp.com\/blog.turistica.si\/inotez\/wp-content\/uploads\/sites\/4\/2019\/07\/Screen-Shot-2019-07-28-at-21.14.44.png?fit=300%2C225&amp;ssl=1\" data-large-file=\"https:\/\/i0.wp.com\/blog.turistica.si\/inotez\/wp-content\/uploads\/sites\/4\/2019\/07\/Screen-Shot-2019-07-28-at-21.14.44.png?fit=1024%2C769&amp;ssl=1\" class=\"alignleft wp-image-789\" src=\"https:\/\/i0.wp.com\/blog.turistica.si\/inotez\/wp-content\/uploads\/sites\/4\/2019\/07\/Screen-Shot-2019-07-28-at-21.14.44.png?resize=367%2C275&#038;ssl=1\" alt=\"\" width=\"367\" height=\"275\" srcset=\"https:\/\/i0.wp.com\/blog.turistica.si\/inotez\/wp-content\/uploads\/sites\/4\/2019\/07\/Screen-Shot-2019-07-28-at-21.14.44.png?w=2014&amp;ssl=1 2014w, https:\/\/i0.wp.com\/blog.turistica.si\/inotez\/wp-content\/uploads\/sites\/4\/2019\/07\/Screen-Shot-2019-07-28-at-21.14.44.png?resize=300%2C225&amp;ssl=1 300w, https:\/\/i0.wp.com\/blog.turistica.si\/inotez\/wp-content\/uploads\/sites\/4\/2019\/07\/Screen-Shot-2019-07-28-at-21.14.44.png?resize=768%2C577&amp;ssl=1 768w, https:\/\/i0.wp.com\/blog.turistica.si\/inotez\/wp-content\/uploads\/sites\/4\/2019\/07\/Screen-Shot-2019-07-28-at-21.14.44.png?resize=1024%2C769&amp;ssl=1 1024w, https:\/\/i0.wp.com\/blog.turistica.si\/inotez\/wp-content\/uploads\/sites\/4\/2019\/07\/Screen-Shot-2019-07-28-at-21.14.44.png?resize=425%2C319&amp;ssl=1 425w\" sizes=\"(max-width: 367px) 100vw, 367px\" \/>V kategoriji \u00bbU\u010dne prakse\u00ab sem predstavila projekt InoTeZ ter potek in rezultate intervjujev s prodekani \u010dlanic UP za podro\u010dje izobra\u017eevanja (\u0161tudijske dejavnosti) ter predstavniki \u010dlanic UP za podro\u010dje kakovosti. Iz poslovnega sveta je znano, da je uvajanje informacijske tehnologije v poslovne procese uspe\u0161no le, \u010de imajo tovrstni projekti popolno podporo vodstva. Podobno je tudi v izobra\u017eevalnih zavodih. Brez podpore vodstva do tak\u0161nih projekti neuspe\u0161ni.<\/p>\n<p>Rezultati intervjujev so pokazali, da je podpora vodstev posameznih \u010dlanic odvisna od osebne izku\u0161nje posameznika. Prodekani \u010dlanic UP in predstavniki \u010dlanic za kakovost, ki so naklonjeni uporabi sodobnih tehnologij, jo tudi sami uporabljajo in menijo, da bi to morali po\u010deti tudi drugi. V praksi se seveda izka\u017ee, da temu vedno ni tako. Uporaba IKT po \u010dlanicah je \u0161e vedno odvisna od navdu\u0161enja in prizadevanja posameznikov. Na UP se je pokazalo, da obstoje\u010da infrastruktura predstavlja resno oviro za nadaljnje vklju\u010devanje IKT v pedago\u0161ko prakso. Iz intervjujev tudi izhaja, da so u\u010ditelji vse prepogosto obremenjeni z drugimi aktivnostmi in jim zmanjka \u010dasa za posodabljanje pedago\u0161ke prakse, vklju\u010dno s sodobnimi metodami pou\u010devanja in hitro razvijajo\u010do se u\u010dno tehnologijo. Vklju\u010devanje IKT v pedago\u0161ko prakso zahteva druga\u010dno delo u\u010ditelja, ki ga obstoje\u010di sistem za vrednotenja dela u\u010diteljev ne vklju\u010duje, kar je prav tako izpostavljena ovira za nadaljnje vklju\u010devanje IKT v visoko\u0161olski prostor.<\/p>\n<p>Ve\u010d v <a href=\"https:\/\/rd.springer.com\/chapter\/10.1007\/978-3-030-20798-4_24\" target=\"_blank\" rel=\"noopener noreferrer\">prispevku<\/a>, ki je iz\u0161el pri mednarodni zalo\u017ebi Springer.<\/p>\n<p>Na konferenci sem predstavila \u0161e <a href=\"https:\/\/rd.springer.com\/chapter\/10.1007\/978-3-030-20798-4_28\" target=\"_blank\" rel=\"noopener noreferrer\">prispevek<\/a>, ki sem ga, v okviru ve\u010dmese\u010dnega raziskovalnega sodelovanja z Ekonomsko fakulteto Univerze Maria Curie-Sk\u0142odowska iz Lublina (Poljska), pripravila s kolegom <span class=\"authors__name\">\u0141ukaszem Wiechetekom. S kolegom raziskujeva \u0161e uporabo dru\u017ebenih omre\u017eij med u\u010ditelji poslovnih \u0161ol obeh dr\u017eav, vendar o tem kdaj kasneje.\u00a0<\/span><\/p>\n<p>&nbsp;<\/p>\n","protected":false},"excerpt":{"rendered":"<p>Med 15. in 18. julijem 2019 je, v \u0161panski Zamori, potekala 8. mednarodna konferenca LTEC 2019. Konferenca LTEC \u2013 Learning Technology for Education Challenges zdru\u017euje strokovnjake s podro\u010dja e-izobra\u017eevanja s celega sveta. Na leto\u0161nji konferenci predstavljeni prispevki so bili razvr\u0161\u010deni v razli\u010dne kategorije: U\u010dne tehnologije U\u010dna okolja in orodja E-izobra\u017eevanje in mno\u017ei\u010dni odprti spletni te\u010daji (MOOCs) U\u010dne prakse Socialna omre\u017eja, orodja u\u010denja Strojno u\u010denje in programi za podporo evalvacij. V kategoriji \u00bbU\u010dne prakse\u00ab sem predstavila projekt InoTeZ ter potek in rezultate intervjujev s prodekani \u010dlanic UP za podro\u010dje izobra\u017eevanja (\u0161tudijske dejavnosti) ter predstavniki \u010dlanic UP za podro\u010dje kakovosti. Iz poslovnega sveta je znano, da je<span class=\"more-link\"><a href=\"https:\/\/blog.turistica.si\/inotez\/inotez-projekt-na-konferenci-ltec-2019\/\">Ve\u010d &#8230; <\/a><\/span><\/p>\n","protected":false},"author":7,"featured_media":787,"comment_status":"closed","ping_status":"closed","sticky":false,"template":"","format":"standard","meta":{"ngg_post_thumbnail":0,"jetpack_post_was_ever_published":false,"_jetpack_newsletter_access":"","_jetpack_dont_email_post_to_subs":false,"_jetpack_newsletter_tier_id":0,"_jetpack_memberships_contains_paywalled_content":false,"_jetpack_memberships_contains_paid_content":false,"footnotes":"","jetpack_publicize_message":"","jetpack_publicize_feature_enabled":true,"jetpack_social_post_already_shared":true,"jetpack_social_options":{"image_generator_settings":{"template":"highway","enabled":false},"version":2}},"categories":[5,2,13],"tags":[],"class_list":["entry","author-vika","post-786","post","type-post","status-publish","format-standard","has-post-thumbnail","category-konferenca","category-projekt","category-raziskave"],"jetpack_publicize_connections":[],"jetpack_featured_media_url":"https:\/\/i0.wp.com\/blog.turistica.si\/inotez\/wp-content\/uploads\/sites\/4\/2019\/07\/Ltec.jpg?fit=960%2C639&ssl=1","jetpack_sharing_enabled":true,"jetpack_shortlink":"https:\/\/wp.me\/p9LuxH-cG","jetpack_likes_enabled":true,"jetpack-related-posts":[],"_links":{"self":[{"href":"https:\/\/blog.turistica.si\/inotez\/wp-json\/wp\/v2\/posts\/786","targetHints":{"allow":["GET"]}}],"collection":[{"href":"https:\/\/blog.turistica.si\/inotez\/wp-json\/wp\/v2\/posts"}],"about":[{"href":"https:\/\/blog.turistica.si\/inotez\/wp-json\/wp\/v2\/types\/post"}],"author":[{"embeddable":true,"href":"https:\/\/blog.turistica.si\/inotez\/wp-json\/wp\/v2\/users\/7"}],"replies":[{"embeddable":true,"href":"https:\/\/blog.turistica.si\/inotez\/wp-json\/wp\/v2\/comments?post=786"}],"version-history":[{"count":9,"href":"https:\/\/blog.turistica.si\/inotez\/wp-json\/wp\/v2\/posts\/786\/revisions"}],"predecessor-version":[{"id":799,"href":"https:\/\/blog.turistica.si\/inotez\/wp-json\/wp\/v2\/posts\/786\/revisions\/799"}],"wp:featuredmedia":[{"embeddable":true,"href":"https:\/\/blog.turistica.si\/inotez\/wp-json\/wp\/v2\/media\/787"}],"wp:attachment":[{"href":"https:\/\/blog.turistica.si\/inotez\/wp-json\/wp\/v2\/media?parent=786"}],"wp:term":[{"taxonomy":"category","embeddable":true,"href":"https:\/\/blog.turistica.si\/inotez\/wp-json\/wp\/v2\/categories?post=786"},{"taxonomy":"post_tag","embeddable":true,"href":"https:\/\/blog.turistica.si\/inotez\/wp-json\/wp\/v2\/tags?post=786"}],"curies":[{"name":"wp","href":"https:\/\/api.w.org\/{rel}","templated":true}]}}